{"id":7533,"date":"2023-08-28T11:20:25","date_gmt":"2023-08-28T09:20:25","guid":{"rendered":"https:\/\/www.stagnoligears.com\/de\/?post_type=news&#038;p=7533"},"modified":"2024-05-17T12:23:00","modified_gmt":"2024-05-17T10:23:00","slug":"internationale-tagung-verzahnungsmesstechnik-2023","status":"publish","type":"news","link":"https:\/\/www.stagnoligears.com\/de\/motorgetriebe\/internationale-tagung-verzahnungsmesstechnik-2023\/","title":{"rendered":"Vom 13. bis 15. September nimmt Stagnoli an der VDI M\u00fcnchen 2023 teil, einer internationalen Tagung zum Thema Verzahnungsmesstechnik"},"content":{"rendered":"<p>Die <strong>VDI M\u00fcnchen 2023 <\/strong>ist die <strong>internationale Tagung zum Thema Verzahnungsmesstechnik<\/strong>, die nun schon im zehnten Jahr stattfindet!<\/p>\n<p>Die Veranstaltung findet <strong>vom 13. bis 15. September 2023 in Garching, M\u00fcnchen, in der Forschungsstelle f\u00fcr Zahnr\u00e4der und Getriebesysteme (FZG) der Universit\u00e4t M\u00fcnchen statt<\/strong>.<\/p>\n<h2>\u00a0<\/h2>\n","protected":false},"excerpt":{"rendered":"<p>Die VDI M\u00fcnchen 2023 ist die internationale Tagung zum Thema Verzahnungsmesstechnik, die nun schon im zehnten Jahr stattfindet! Die Veranstaltung findet vom 13. bis 15. September 2023 in Garching, M\u00fcnchen, in der Forschungsstelle f\u00fcr Zahnr\u00e4der und Getriebesysteme (FZG) der Universit\u00e4t M\u00fcnchen statt. \u00a0<\/p>\n","protected":false},"featured_media":7534,"parent":0,"template":"","meta":{"_acf_changed":false},"class_list":["post-7533","news","type-news","status-publish","has-post-thumbnail","hentry"],"acf":[],"yoast_head":"<!-- This site is optimized with the Yoast SEO plugin v27.4 - https:\/\/yoast.com\/product\/yoast-seo-wordpress\/ -->\n<title>Vom 13. bis 15. September nimmt Stagnoli an der VDI M\u00fcnchen 2023 teil, einer internationalen Tagung zum Thema Verzahnungsmesstechnik - Stagnoli DE<\/title>\n<meta name=\"description\" content=\"Stagnoli wird an der internationalen VDI-Tagung Verzahnungsmesstechnik 2023 in M\u00fcnchen teilnehmen. Erfahren Sie mehr \u00fcber die Veranstaltung!\" \/>\n<meta name=\"robots\" content=\"index, follow, max-snippet:-1, max-image-preview:large, max-video-preview:-1\" \/>\n<link rel=\"canonical\" href=\"https:\/\/www.stagnoligears.com\/de\/motorgetriebe\/internationale-tagung-verzahnungsmesstechnik-2023\/\" \/>\n<meta property=\"og:locale\" content=\"de_DE\" \/>\n<meta property=\"og:type\" content=\"article\" \/>\n<meta property=\"og:title\" content=\"Vom 13. bis 15. September nimmt Stagnoli an der VDI M\u00fcnchen 2023 teil, einer internationalen Tagung zum Thema Verzahnungsmesstechnik - Stagnoli DE\" \/>\n<meta property=\"og:description\" content=\"Stagnoli wird an der internationalen VDI-Tagung Verzahnungsmesstechnik 2023 in M\u00fcnchen teilnehmen. Erfahren Sie mehr \u00fcber die Veranstaltung!\" \/>\n<meta property=\"og:url\" content=\"https:\/\/www.stagnoligears.com\/de\/motorgetriebe\/internationale-tagung-verzahnungsmesstechnik-2023\/\" \/>\n<meta property=\"og:site_name\" content=\"Stagnoli DE\" \/>\n<meta property=\"article:modified_time\" content=\"2024-05-17T10:23:00+00:00\" \/>\n<meta property=\"og:image\" content=\"https:\/\/www.stagnoligears.com\/de\/wp-content\/uploads\/sites\/3\/internationale-tagung-verzahnungsmesstechnik-2023.jpg\" \/>\n\t<meta property=\"og:image:width\" content=\"1602\" \/>\n\t<meta property=\"og:image:height\" content=\"596\" \/>\n\t<meta property=\"og:image:type\" content=\"image\/jpeg\" \/>\n<meta name=\"twitter:card\" content=\"summary_large_image\" \/>\n<meta name=\"twitter:label1\" content=\"Gesch\u00e4tzte Lesezeit\" \/>\n\t<meta name=\"twitter:data1\" content=\"1\u00a0Minute\" \/>\n<script type=\"application\/ld+json\" class=\"yoast-schema-graph\">{\"@context\":\"https:\\\/\\\/schema.org\",\"@graph\":[{\"@type\":\"WebPage\",\"@id\":\"https:\\\/\\\/www.stagnoligears.com\\\/de\\\/motorgetriebe\\\/internationale-tagung-verzahnungsmesstechnik-2023\\\/\",\"url\":\"https:\\\/\\\/www.stagnoligears.com\\\/de\\\/motorgetriebe\\\/internationale-tagung-verzahnungsmesstechnik-2023\\\/\",\"name\":\"Vom 13. bis 15. September nimmt Stagnoli an der VDI M\u00fcnchen 2023 teil, einer internationalen Tagung zum Thema Verzahnungsmesstechnik - Stagnoli DE\",\"isPartOf\":{\"@id\":\"https:\\\/\\\/www.stagnoligears.com\\\/de\\\/#website\"},\"primaryImageOfPage\":{\"@id\":\"https:\\\/\\\/www.stagnoligears.com\\\/de\\\/motorgetriebe\\\/internationale-tagung-verzahnungsmesstechnik-2023\\\/#primaryimage\"},\"image\":{\"@id\":\"https:\\\/\\\/www.stagnoligears.com\\\/de\\\/motorgetriebe\\\/internationale-tagung-verzahnungsmesstechnik-2023\\\/#primaryimage\"},\"thumbnailUrl\":\"https:\\\/\\\/www.stagnoligears.com\\\/de\\\/wp-content\\\/uploads\\\/sites\\\/3\\\/internationale-tagung-verzahnungsmesstechnik-2023.jpg\",\"datePublished\":\"2023-08-28T09:20:25+00:00\",\"dateModified\":\"2024-05-17T10:23:00+00:00\",\"description\":\"Stagnoli wird an der internationalen VDI-Tagung Verzahnungsmesstechnik 2023 in M\u00fcnchen teilnehmen. Erfahren Sie mehr \u00fcber die Veranstaltung!\",\"breadcrumb\":{\"@id\":\"https:\\\/\\\/www.stagnoligears.com\\\/de\\\/motorgetriebe\\\/internationale-tagung-verzahnungsmesstechnik-2023\\\/#breadcrumb\"},\"inLanguage\":\"de\",\"potentialAction\":[{\"@type\":\"ReadAction\",\"target\":[\"https:\\\/\\\/www.stagnoligears.com\\\/de\\\/motorgetriebe\\\/internationale-tagung-verzahnungsmesstechnik-2023\\\/\"]}]},{\"@type\":\"ImageObject\",\"inLanguage\":\"de\",\"@id\":\"https:\\\/\\\/www.stagnoligears.com\\\/de\\\/motorgetriebe\\\/internationale-tagung-verzahnungsmesstechnik-2023\\\/#primaryimage\",\"url\":\"https:\\\/\\\/www.stagnoligears.com\\\/de\\\/wp-content\\\/uploads\\\/sites\\\/3\\\/internationale-tagung-verzahnungsmesstechnik-2023.jpg\",\"contentUrl\":\"https:\\\/\\\/www.stagnoligears.com\\\/de\\\/wp-content\\\/uploads\\\/sites\\\/3\\\/internationale-tagung-verzahnungsmesstechnik-2023.jpg\",\"width\":1602,\"height\":596},{\"@type\":\"BreadcrumbList\",\"@id\":\"https:\\\/\\\/www.stagnoligears.com\\\/de\\\/motorgetriebe\\\/internationale-tagung-verzahnungsmesstechnik-2023\\\/#breadcrumb\",\"itemListElement\":[{\"@type\":\"ListItem\",\"position\":1,\"name\":\"Home\",\"item\":\"https:\\\/\\\/www.stagnoligears.com\\\/de\\\/\"},{\"@type\":\"ListItem\",\"position\":2,\"name\":\"News\",\"item\":\"https:\\\/\\\/www.stagnoligears.com\\\/de\\\/motorgetriebe\\\/\"},{\"@type\":\"ListItem\",\"position\":3,\"name\":\"Vom 13. bis 15. September nimmt Stagnoli an der VDI M\u00fcnchen 2023 teil, einer internationalen Tagung zum Thema Verzahnungsmesstechnik\"}]},{\"@type\":\"WebSite\",\"@id\":\"https:\\\/\\\/www.stagnoligears.com\\\/de\\\/#website\",\"url\":\"https:\\\/\\\/www.stagnoligears.com\\\/de\\\/\",\"name\":\"Stagnoli DE\",\"description\":\"Un nuovo sito targato WordPress\",\"potentialAction\":[{\"@type\":\"SearchAction\",\"target\":{\"@type\":\"EntryPoint\",\"urlTemplate\":\"https:\\\/\\\/www.stagnoligears.com\\\/de\\\/?s={search_term_string}\"},\"query-input\":{\"@type\":\"PropertyValueSpecification\",\"valueRequired\":true,\"valueName\":\"search_term_string\"}}],\"inLanguage\":\"de\"}]}<\/script>\n<!-- \/ Yoast SEO plugin. -->","yoast_head_json":{"title":"Vom 13. bis 15. September nimmt Stagnoli an der VDI M\u00fcnchen 2023 teil, einer internationalen Tagung zum Thema Verzahnungsmesstechnik - Stagnoli DE","description":"Stagnoli wird an der internationalen VDI-Tagung Verzahnungsmesstechnik 2023 in M\u00fcnchen teilnehmen. Erfahren Sie mehr \u00fcber die Veranstaltung!","robots":{"index":"index","follow":"follow","max-snippet":"max-snippet:-1","max-image-preview":"max-image-preview:large","max-video-preview":"max-video-preview:-1"},"canonical":"https:\/\/www.stagnoligears.com\/de\/motorgetriebe\/internationale-tagung-verzahnungsmesstechnik-2023\/","og_locale":"de_DE","og_type":"article","og_title":"Vom 13. bis 15. September nimmt Stagnoli an der VDI M\u00fcnchen 2023 teil, einer internationalen Tagung zum Thema Verzahnungsmesstechnik - Stagnoli DE","og_description":"Stagnoli wird an der internationalen VDI-Tagung Verzahnungsmesstechnik 2023 in M\u00fcnchen teilnehmen. Erfahren Sie mehr \u00fcber die Veranstaltung!","og_url":"https:\/\/www.stagnoligears.com\/de\/motorgetriebe\/internationale-tagung-verzahnungsmesstechnik-2023\/","og_site_name":"Stagnoli DE","article_modified_time":"2024-05-17T10:23:00+00:00","og_image":[{"width":1602,"height":596,"url":"https:\/\/www.stagnoligears.com\/de\/wp-content\/uploads\/sites\/3\/internationale-tagung-verzahnungsmesstechnik-2023.jpg","type":"image\/jpeg"}],"twitter_card":"summary_large_image","twitter_misc":{"Gesch\u00e4tzte Lesezeit":"1\u00a0Minute"},"schema":{"@context":"https:\/\/schema.org","@graph":[{"@type":"WebPage","@id":"https:\/\/www.stagnoligears.com\/de\/motorgetriebe\/internationale-tagung-verzahnungsmesstechnik-2023\/","url":"https:\/\/www.stagnoligears.com\/de\/motorgetriebe\/internationale-tagung-verzahnungsmesstechnik-2023\/","name":"Vom 13. bis 15. September nimmt Stagnoli an der VDI M\u00fcnchen 2023 teil, einer internationalen Tagung zum Thema Verzahnungsmesstechnik - Stagnoli DE","isPartOf":{"@id":"https:\/\/www.stagnoligears.com\/de\/#website"},"primaryImageOfPage":{"@id":"https:\/\/www.stagnoligears.com\/de\/motorgetriebe\/internationale-tagung-verzahnungsmesstechnik-2023\/#primaryimage"},"image":{"@id":"https:\/\/www.stagnoligears.com\/de\/motorgetriebe\/internationale-tagung-verzahnungsmesstechnik-2023\/#primaryimage"},"thumbnailUrl":"https:\/\/www.stagnoligears.com\/de\/wp-content\/uploads\/sites\/3\/internationale-tagung-verzahnungsmesstechnik-2023.jpg","datePublished":"2023-08-28T09:20:25+00:00","dateModified":"2024-05-17T10:23:00+00:00","description":"Stagnoli wird an der internationalen VDI-Tagung Verzahnungsmesstechnik 2023 in M\u00fcnchen teilnehmen. Erfahren Sie mehr \u00fcber die Veranstaltung!","breadcrumb":{"@id":"https:\/\/www.stagnoligears.com\/de\/motorgetriebe\/internationale-tagung-verzahnungsmesstechnik-2023\/#breadcrumb"},"inLanguage":"de","potentialAction":[{"@type":"ReadAction","target":["https:\/\/www.stagnoligears.com\/de\/motorgetriebe\/internationale-tagung-verzahnungsmesstechnik-2023\/"]}]},{"@type":"ImageObject","inLanguage":"de","@id":"https:\/\/www.stagnoligears.com\/de\/motorgetriebe\/internationale-tagung-verzahnungsmesstechnik-2023\/#primaryimage","url":"https:\/\/www.stagnoligears.com\/de\/wp-content\/uploads\/sites\/3\/internationale-tagung-verzahnungsmesstechnik-2023.jpg","contentUrl":"https:\/\/www.stagnoligears.com\/de\/wp-content\/uploads\/sites\/3\/internationale-tagung-verzahnungsmesstechnik-2023.jpg","width":1602,"height":596},{"@type":"BreadcrumbList","@id":"https:\/\/www.stagnoligears.com\/de\/motorgetriebe\/internationale-tagung-verzahnungsmesstechnik-2023\/#breadcrumb","itemListElement":[{"@type":"ListItem","position":1,"name":"Home","item":"https:\/\/www.stagnoligears.com\/de\/"},{"@type":"ListItem","position":2,"name":"News","item":"https:\/\/www.stagnoligears.com\/de\/motorgetriebe\/"},{"@type":"ListItem","position":3,"name":"Vom 13. bis 15. September nimmt Stagnoli an der VDI M\u00fcnchen 2023 teil, einer internationalen Tagung zum Thema Verzahnungsmesstechnik"}]},{"@type":"WebSite","@id":"https:\/\/www.stagnoligears.com\/de\/#website","url":"https:\/\/www.stagnoligears.com\/de\/","name":"Stagnoli DE","description":"Un nuovo sito targato WordPress","potentialAction":[{"@type":"SearchAction","target":{"@type":"EntryPoint","urlTemplate":"https:\/\/www.stagnoligears.com\/de\/?s={search_term_string}"},"query-input":{"@type":"PropertyValueSpecification","valueRequired":true,"valueName":"search_term_string"}}],"inLanguage":"de"}]}},"_links":{"self":[{"href":"https:\/\/www.stagnoligears.com\/de\/wp-json\/wp\/v2\/news\/7533","targetHints":{"allow":["GET"]}}],"collection":[{"href":"https:\/\/www.stagnoligears.com\/de\/wp-json\/wp\/v2\/news"}],"about":[{"href":"https:\/\/www.stagnoligears.com\/de\/wp-json\/wp\/v2\/types\/news"}],"wp:featuredmedia":[{"embeddable":true,"href":"https:\/\/www.stagnoligears.com\/de\/wp-json\/wp\/v2\/media\/7534"}],"wp:attachment":[{"href":"https:\/\/www.stagnoligears.com\/de\/wp-json\/wp\/v2\/media?parent=7533"}],"curies":[{"name":"wp","href":"https:\/\/api.w.org\/{rel}","templated":true}]}}